{"id":2832,"date":"2024-09-23T12:29:30","date_gmt":"2024-09-23T10:29:30","guid":{"rendered":"https:\/\/ecole-stjoseph-staubin.com\/?p=2832"},"modified":"2024-09-23T12:29:32","modified_gmt":"2024-09-23T10:29:32","slug":"promulgation-de-notre-projet-educatif","status":"publish","type":"post","link":"https:\/\/ecole-stjoseph-staubin.com\/index.php\/2024\/09\/23\/promulgation-de-notre-projet-educatif\/","title":{"rendered":"Promulgation de notre projet \u00e9ducatif"},"content":{"rendered":"\n<p>Le vendredi 20 septembre a eu lieu la promulgation du projet \u00e9ducatif de l&#8217;\u00e9cole. En effet, pendant deux ans, les membres du Conseil d&#8217;\u00e9tablissement (\u00e9quipe enseignante, personnel OGEC, membres des bureaux, parents d\u00e9l\u00e9gu\u00e9s, membre de la paroisse et de l&#8217;institution dioc\u00e9saine) de l&#8217;\u00e9cole ont travaill\u00e9 autour de l&#8217;identit\u00e9 de notre \u00e9cole. Suite \u00e0 ce travail, le projet p\u00e9dagogique a \u00e9t\u00e9 r\u00e9\u00e9crit autour de 4 grands axes qui sont essentiels pour nous : accueillir, prendre confiance, grandir et s&#8217;engager. Cette soir\u00e9e de promulgation a \u00e9t\u00e9 l&#8217;occasion de le pr\u00e9senter \u00e0 toutes les familles de l&#8217;\u00e9cole. Les \u00e9l\u00e8ves l&#8217;ont mis en sc\u00e8ne afin d&#8217;\u00eatre les acteurs de ce projet \u00e9ducatif qui les accompagnera tout au long de leur scolarit\u00e9. Des membres de la Direction Dioc\u00e9saine de l&#8217;Enseignement Catholique du Maine et Loire \u00e9taient aussi pr\u00e9sents pour rappeler l&#8217;importance de ces projets \u00e9ducatifs au sein des \u00e9coles afin de cr\u00e9er leur identit\u00e9.<\/p>\n","protected":false},"excerpt":{"rendered":"<p>Le vendredi 20 septembre a eu lieu la promulgation du projet \u00e9ducatif de l&#8217;\u00e9cole. En effet, pendant deux ans, les membres du Conseil d&#8217;\u00e9tablissement (\u00e9quipe enseignante, personnel OGEC, membres des bureaux, parents d\u00e9l\u00e9gu\u00e9s, membre de la paroisse et de l&#8217;institution dioc\u00e9saine) de l&#8217;\u00e9cole ont travaill\u00e9 autour de l&#8217;identit\u00e9 de notre \u00e9cole. Suite \u00e0 ce travail, le projet p\u00e9dagogique a \u00e9t\u00e9 r\u00e9\u00e9crit autour de 4 grands axes qui sont essentiels pour nous : accueillir, prendre confiance, grandir et s&#8217;engager. Cette soir\u00e9e de promulgation a \u00e9t\u00e9 l&#8217;occasion de le pr\u00e9senter \u00e0 toutes les familles de l&#8217;\u00e9cole. Les \u00e9l\u00e8ves l&#8217;ont mis en sc\u00e8ne afin d&#8217;\u00eatre les acteurs de ce projet \u00e9ducatif qui les accompagnera tout au long de leur scolarit\u00e9. Des membres de&hellip;<\/p>\n<p> <a class=\"more-link\" href=\"https:\/\/ecole-stjoseph-staubin.com\/index.php\/2024\/09\/23\/promulgation-de-notre-projet-educatif\/\">Lire la suite<\/a><\/p>\n","protected":false},"author":29,"featured_media":2833,"comment_status":"open","ping_status":"open","sticky":false,"template":"","format":"standard","meta":{"_EventAllDay":false,"_EventTimezone":"","_EventStartDate":"","_EventEndDate":"","_EventStartDateUTC":"","_EventEndDateUTC":"","_EventShowMap":false,"_EventShowMapLink":false,"_EventURL":"","_EventCost":"","_EventCostDescription":"","_EventCurrencySymbol":"","_EventCurrencyCode":"","_EventCurrencyPosition":"","_EventDateTimeSeparator":"","_EventTimeRangeSeparator":"","_EventOrganizerID":[],"_EventVenueID":[],"_OrganizerEmail":"","_OrganizerPhone":"","_OrganizerWebsite":"","_VenueAddress":"","_VenueCity":"","_VenueCountry":"","_VenueProvince":"","_VenueState":"","_VenueZip":"","_VenuePhone":"","_VenueURL":"","_VenueStateProvince":"","_VenueLat":"","_VenueLng":"","_VenueShowMap":false,"_VenueShowMapLink":false,"footnotes":""},"categories":[23],"tags":[],"class_list":["post-2832","post","type-post","status-publish","format-standard","has-post-thumbnail","category-actu"],"_links":{"self":[{"href":"https:\/\/ecole-stjoseph-staubin.com\/index.php\/wp-json\/wp\/v2\/posts\/2832","targetHints":{"allow":["GET"]}}],"collection":[{"href":"https:\/\/ecole-stjoseph-staubin.com\/index.php\/wp-json\/wp\/v2\/posts"}],"about":[{"href":"https:\/\/ecole-stjoseph-staubin.com\/index.php\/wp-json\/wp\/v2\/types\/post"}],"author":[{"embeddable":true,"href":"https:\/\/ecole-stjoseph-staubin.com\/index.php\/wp-json\/wp\/v2\/users\/29"}],"replies":[{"embeddable":true,"href":"https:\/\/ecole-stjoseph-staubin.com\/index.php\/wp-json\/wp\/v2\/comments?post=2832"}],"version-history":[{"count":1,"href":"https:\/\/ecole-stjoseph-staubin.com\/index.php\/wp-json\/wp\/v2\/posts\/2832\/revisions"}],"predecessor-version":[{"id":2834,"href":"https:\/\/ecole-stjoseph-staubin.com\/index.php\/wp-json\/wp\/v2\/posts\/2832\/revisions\/2834"}],"wp:featuredmedia":[{"embeddable":true,"href":"https:\/\/ecole-stjoseph-staubin.com\/index.php\/wp-json\/wp\/v2\/media\/2833"}],"wp:attachment":[{"href":"https:\/\/ecole-stjoseph-staubin.com\/index.php\/wp-json\/wp\/v2\/media?parent=2832"}],"wp:term":[{"taxonomy":"category","embeddable":true,"href":"https:\/\/ecole-stjoseph-staubin.com\/index.php\/wp-json\/wp\/v2\/categories?post=2832"},{"taxonomy":"post_tag","embeddable":true,"href":"https:\/\/ecole-stjoseph-staubin.com\/index.php\/wp-json\/wp\/v2\/tags?post=2832"}],"curies":[{"name":"wp","href":"https:\/\/api.w.org\/{rel}","templated":true}]}}